{"id":3159,"date":"2025-01-21T12:40:49","date_gmt":"2025-01-21T12:40:49","guid":{"rendered":"https:\/\/letherin.org\/rede-let-her-in-reune-em-setubal-18-paises-para-criarem-novas-oportunidades-a-jovens-e-comunidades-desfavorecidas"},"modified":"2025-01-21T12:40:49","modified_gmt":"2025-01-21T12:40:49","slug":"rede-let-her-in-reune-em-setubal-18-paises-para-criarem-novas-oportunidades-a-jovens-e-comunidades-desfavorecidas","status":"publish","type":"post","link":"https:\/\/letherin.org\/es\/rede-let-her-in-reune-em-setubal-18-paises-para-criarem-novas-oportunidades-a-jovens-e-comunidades-desfavorecidas","title":{"rendered":"Rede \u201cLet Her In\u201d re\u00fane em Set\u00fabal 18 pa\u00edses para criarem novas oportunidades a jovens e comunidades desfavorecidas"},"content":{"rendered":"<h4>Evento internacional foi organizado pela EDUGEP e juntou sinergias de ideias e projectos<\/h4>\n<p>O evento internacional anual de networking 2025 da rede \u201cLet Her In\u201d reuniu na passa quinta e sexta-feira em Set\u00fabal 56 participantes entre 39 membros da rede de 18 pa\u00edses, alguns deles fora da Uni\u00e3o Europeia, e 45 observadores, tamb\u00e9m de v\u00e1rios pa\u00edses que, n\u00e3o sendo membros desta rede de troca de ideias, experi\u00eancias e projectos, poder\u00e3o vir a integrar a mesma.<\/p>\n<p>O encontro que decorreu no Hotel Meli\u00e3, organizado pela\u00a0<a href=\"https:\/\/edugep.pt\/\" target=\"_blank\" rel=\"noopener\">EDUGEP<\/a>, teve como miss\u00e3o construir parcerias inclusivas e criar novas oportunidades para jovens e comunidades marginalizadas em toda a Europa, focou-se em cinco temas principais: Empoderamento Juvenil e Advocacia LGBTQ+, Educa\u00e7\u00e3o Inclusiva, Conscientiza\u00e7\u00e3o Digital &amp; Empreendedorismo, Preserva\u00e7\u00e3o do Patrim\u00f3nio Cultural e Combate \u00e0s Disparidades Sociais e Marginaliza\u00e7\u00e3o.<\/p>\n<p>\u201cFoi perfeito\u201d, comentou Olena Korzhykova, directora e presidente da Dom Spain, institui\u00e7\u00e3o da rede \u201cLet Her In\u201d que esteve presente em Set\u00fabal. \u201c\u00c9 importante organizar estas confer\u00eancias em lugares onde temos membros para conhecermos as comunidades locais\u201d, expressou elogiando a EDUGEP, institui\u00e7\u00e3o dedicada \u00e0 educa\u00e7\u00e3o e forma\u00e7\u00e3o de crian\u00e7as a adultos, que tem sede em Set\u00fabal, mas trabalha a n\u00edvel regional e nacional.<\/p>\n<p>\u201cAprendemos uns com os outros. Todas as sess\u00f5es s\u00e3o contributos dos parceiros sobre iniciativas locais e tamb\u00e9m iniciativas na Uni\u00e3o Europeia e \u00c1frica e Am\u00e9rica feitas em conjunto\u201d, acrescenta Olena Korzhykova, tamb\u00e9m presidente da \u201cLet Her In\u201d que considera a possibilidade de Portugal vir a receber mais reuni\u00f5es internacionais da rede.<\/p>\n<figure class=\"wp-block-image alignleft size-large is-resized\"><img fetchpriority=\"high\" decoding=\"async\" class=\"wp-image-122126\" src=\"https:\/\/cdn.osetubalense.com\/wp-content\/uploads\/2025\/01\/Let-Her-I-1200x900.jpg\" sizes=\"(max-width: 1200px) 100vw, 1200px\" srcset=\"https:\/\/cdn.osetubalense.com\/wp-content\/uploads\/2025\/01\/Let-Her-I-1200x900.jpg 1200w, https:\/\/cdn.osetubalense.com\/wp-content\/uploads\/2025\/01\/Let-Her-I-768x576.jpg 768w, https:\/\/cdn.osetubalense.com\/wp-content\/uploads\/2025\/01\/Let-Her-I-400x300.jpg 400w, https:\/\/cdn.osetubalense.com\/wp-content\/uploads\/2025\/01\/Let-Her-I-scaled.jpg 1440w\" alt=\"\" width=\"1200\" height=\"900\" \/><\/figure>\n<p>A import\u00e2ncia destes encontros para a \u201cpartilha de projectos e conhecimentos entre v\u00e1rias institui\u00e7\u00f5es da rede internacional, ou que a podem vir a integrar\u201d, \u00e9 tamb\u00e9m destacada por Alzira Mendes, do Centro de Forma\u00e7\u00e3o do Barreiro e Moita, uma das quatro institui\u00e7\u00f5es da rede \u201cLet Her In\u201d que esteve em Set\u00fabal, a par da EDUGEP, da\u00a0<a href=\"https:\/\/ai9.pt\/\" target=\"_blank\" rel=\"noopener\">Ai9.pt<\/a>\u00a0e da\u00a0<a href=\"https:\/\/www.unave.pt\/\" target=\"_blank\" rel=\"noopener\">UNAVE \u2013 Associa\u00e7\u00e3o para a Forma\u00e7\u00e3o Profissional e Investiga\u00e7\u00e3o da Universidade de Aveiro<\/a>. \u201cNestes dois dias, al\u00e9m dos workshops tem\u00e1ticos, tivemos ainda a mais-valia adicional por o encontro ter sido de organiza\u00e7\u00e3o portuguesa\u201d, refere.<\/p>\n<p>Em cima da mesa estiveram v\u00e1rios projectos da rede candidatos a financiamento da Uni\u00e3o Europeia e outros fundos internacionais. Trata-se de projectos que re\u00fanem tr\u00eas a quatro entidades, cada, e que, atrav\u00e9s destes encontros, \u201cconseguem sinergias entre parceiros para, em conjunto, apresentarem candidaturas ao programa Erasmus e outros programas\u201d, explica Tiago Oliveira, presidente da Ai9.pt. \u201cDiscutimos ideias e projectos na \u00e1rea da educa\u00e7\u00e3o e forma\u00e7\u00e3o, quer para jovens como adultos\u201d, diz.<\/p>\n<p>Comparar pr\u00e1ticas e projectos entre institui\u00e7\u00f5es de v\u00e1rios pa\u00edses \u00e9, tamb\u00e9m para Ant\u00f3nio Gon\u00e7alves, director da EDUGEP, a grande vantagem destes encontros. \u201cConseguimos trabalhar em conjunto para objectivos comuns, concorrer a projectos conjuntos e termos parceiros de confian\u00e7a para estes projectos europeus\u201d, explica.<\/p>\n<p>A EDUGEP, constitu\u00edda em Setembro de 2006, apesar de ter sede em Set\u00fabal, tem neste momento uma dimens\u00e3o supra-regional. Com o objectivo de conceber, desenvolver e gerir projectos de natureza social, cultural e educacional, sobretudo no \u00e2mbito da Educa\u00e7\u00e3o e Forma\u00e7\u00e3o, diz o seu director focando que \u201cneste momento em Set\u00fabal estamos a trabalhar em projectos no \u00e2mbito do\u00a0Plano de Recupera\u00e7\u00e3o e Resili\u00eancia\u00a0(PRR).<\/p>\n<p>&nbsp;<\/p>\n","protected":false},"excerpt":{"rendered":"<p>Evento internacional foi organizado pela EDUGEP e juntou sinergias de ideias e projectos O evento internacional anual de networking 2025 da rede \u201cLet Her In\u201d reuniu na passa quinta e sexta-feira em Set\u00fabal 56 participantes entre 39 membros da rede de 18 pa\u00edses, alguns deles fora da Uni\u00e3o Europeia, e 45 observadores, tamb\u00e9m de v\u00e1rios [&hellip;]<\/p>\n","protected":false},"author":4,"featured_media":2869,"comment_status":"closed","ping_status":"closed","sticky":false,"template":"","format":"standard","meta":{"_jf_save_progress":"","iawp_total_views":7,"footnotes":""},"categories":[37],"tags":[],"class_list":["post-3159","post","type-post","status-publish","format-standard","has-post-thumbnail","hentry","category-sin-categoria"],"_links":{"self":[{"href":"https:\/\/letherin.org\/es\/wp-json\/wp\/v2\/posts\/3159","targetHints":{"allow":["GET"]}}],"collection":[{"href":"https:\/\/letherin.org\/es\/wp-json\/wp\/v2\/posts"}],"about":[{"href":"https:\/\/letherin.org\/es\/wp-json\/wp\/v2\/types\/post"}],"author":[{"embeddable":true,"href":"https:\/\/letherin.org\/es\/wp-json\/wp\/v2\/users\/4"}],"replies":[{"embeddable":true,"href":"https:\/\/letherin.org\/es\/wp-json\/wp\/v2\/comments?post=3159"}],"version-history":[{"count":0,"href":"https:\/\/letherin.org\/es\/wp-json\/wp\/v2\/posts\/3159\/revisions"}],"wp:featuredmedia":[{"embeddable":true,"href":"https:\/\/letherin.org\/es\/wp-json\/wp\/v2\/media\/2869"}],"wp:attachment":[{"href":"https:\/\/letherin.org\/es\/wp-json\/wp\/v2\/media?parent=3159"}],"wp:term":[{"taxonomy":"category","embeddable":true,"href":"https:\/\/letherin.org\/es\/wp-json\/wp\/v2\/categories?post=3159"},{"taxonomy":"post_tag","embeddable":true,"href":"https:\/\/letherin.org\/es\/wp-json\/wp\/v2\/tags?post=3159"}],"curies":[{"name":"wp","href":"https:\/\/api.w.org\/{rel}","templated":true}]}}